{"id":2958,"date":"2018-06-10T09:48:04","date_gmt":"2018-06-10T08:48:04","guid":{"rendered":"http:\/\/zoyou.fr\/dessin\/?p=2958"},"modified":"2018-06-10T09:48:04","modified_gmt":"2018-06-10T08:48:04","slug":"leila-et-albyan","status":"publish","type":"post","link":"http:\/\/zoyou.fr\/dessin\/leila-et-albyan\/","title":{"rendered":"Le\u00efla et Albyan"},"content":{"rendered":"<p>\u00ab\u00a0The Veil\u00a0\u00bb est une dimension parall\u00e8le pour les cr\u00e9atures surnaturelles ou mythiques, et quelques humains (mages, alchimistes) qui existe parall\u00e8lement \u00e0 New York City.<\/p>\n<p>Il s&rsquo;agit d&rsquo;un univers de RP cr\u00e9\u00e9 par <a href=\"https:\/\/www.instagram.com\/astrologiix\/\" target=\"_blank\" rel=\"noopener\">@astrologiix<\/a> sur Instagram (cette personne avait aussi organis\u00e9 le RP <a href=\"http:\/\/zoyou.fr\/dessin\/playingcrisis-albyan\/\" target=\"_blank\" rel=\"noopener\">Crisis<\/a>) (lol, j&rsquo;ai encore r\u00e9utilis\u00e9 le m\u00eame nom de perso&#8230;).<br \/>\nJ&rsquo;ai donc cr\u00e9\u00e9 deux personnages pour ce jeu. Pr\u00e9sentations!<\/p>\n<p><a href=\"http:\/\/zoyou.fr\/dessin\/wp-content\/uploads\/2018\/06\/leila-and-albyan.jpg\"><img loading=\"lazy\" decoding=\"async\" class=\"aligncenter size-large wp-image-2962\" src=\"http:\/\/zoyou.fr\/dessin\/wp-content\/uploads\/2018\/06\/leila-and-albyan-1024x966.jpg\" alt=\"\" width=\"650\" height=\"613\" srcset=\"http:\/\/zoyou.fr\/dessin\/wp-content\/uploads\/2018\/06\/leila-and-albyan-1024x966.jpg 1024w, http:\/\/zoyou.fr\/dessin\/wp-content\/uploads\/2018\/06\/leila-and-albyan-300x283.jpg 300w, http:\/\/zoyou.fr\/dessin\/wp-content\/uploads\/2018\/06\/leila-and-albyan-768x724.jpg 768w\" sizes=\"auto, (max-width: 650px) 100vw, 650px\" \/><\/a><\/p>\n<p><a href=\"http:\/\/zoyou.fr\/dessin\/wp-content\/uploads\/2018\/06\/The-Veil-Albyan.jpg\"><img loading=\"lazy\" decoding=\"async\" class=\"aligncenter size-large wp-image-2959\" src=\"http:\/\/zoyou.fr\/dessin\/wp-content\/uploads\/2018\/06\/The-Veil-Albyan-728x1024.jpg\" alt=\"\" width=\"650\" height=\"914\" srcset=\"http:\/\/zoyou.fr\/dessin\/wp-content\/uploads\/2018\/06\/The-Veil-Albyan-728x1024.jpg 728w, http:\/\/zoyou.fr\/dessin\/wp-content\/uploads\/2018\/06\/The-Veil-Albyan-213x300.jpg 213w, http:\/\/zoyou.fr\/dessin\/wp-content\/uploads\/2018\/06\/The-Veil-Albyan-768x1080.jpg 768w\" sizes=\"auto, (max-width: 650px) 100vw, 650px\" \/><\/a><\/p>\n<p>Oui, je sais ce n&rsquo;est pas un nouveau personnage. Mais comme je dois arr\u00eater le RP de Raenos vu que l&rsquo;ann\u00e9e est finie, Albyan ne me servait plus \u00e0 rien, ce qui \u00e9tait triste vu que je viens juste de commencer \u00e0 d\u00e9velopper son caract\u00e8re. Donc j&rsquo;ai utilis\u00e9 la bonne vieille m\u00e9thode du recyclage d&rsquo;OCs.<\/p>\n<p><span style=\"text-decoration: underline;\">Albyan<\/span><\/p>\n<p><span style=\"text-decoration: underline;\">Race:<\/span> Targule<br \/>\n<span style=\"text-decoration: underline;\">Age:<\/span> 22 ans<br \/>\n<span style=\"text-decoration: underline;\">Magie:<\/span> mage (d&rsquo;o\u00f9 la n\u00e9cessit\u00e9 d&rsquo;un familier); sp\u00e9cialis\u00e9e en psionic (t\u00e9l\u00e9pathie, t\u00e9l\u00e9kin\u00e9sie&#8230;) et magie \u00e9l\u00e9mentaire de la lumi\u00e8re<br \/>\n<span style=\"text-decoration: underline;\">Pouvoirs:<\/span> changement d&rsquo;age, visions du pass\u00e9 et du futur (trop vagues pour \u00eatre utiles), tatouages qui bougent<br \/>\n<span style=\"text-decoration: underline;\">M\u00e9tier:<\/span> \u00e9rudite (travaille probablement dans une biblioth\u00e8que)<br \/>\n<span style=\"text-decoration: underline;\">Habitation:<\/span> district de la Magie<br \/>\n<span style=\"text-decoration: underline;\">Alignement:<\/span> Lawful Neutral<br \/>\n<span style=\"text-decoration: underline;\">Orientation:<\/span> asexuelle aromantique<br \/>\n<span style=\"text-decoration: underline;\">Autres:<\/span> adore lire, cherche toujours \u00e0 apprendre de nouvelles choses, tr\u00e8s int\u00e9ress\u00e9e par la technologie humaine, besoins de lunettes pour lire, terrifi\u00e9e par les vieillards, a parfois des visions de son ancienne vie (elle les confond g\u00e9n\u00e9ralement avec ses visions du pass\u00e9\/futur)<\/p>\n<p>&nbsp;<\/p>\n<p><a href=\"http:\/\/zoyou.fr\/dessin\/wp-content\/uploads\/2018\/06\/The-Veil-Leila.jpg\"><img loading=\"lazy\" decoding=\"async\" class=\"aligncenter size-large wp-image-2961\" src=\"http:\/\/zoyou.fr\/dessin\/wp-content\/uploads\/2018\/06\/The-Veil-Leila-722x1024.jpg\" alt=\"\" width=\"650\" height=\"922\" srcset=\"http:\/\/zoyou.fr\/dessin\/wp-content\/uploads\/2018\/06\/The-Veil-Leila-722x1024.jpg 722w, http:\/\/zoyou.fr\/dessin\/wp-content\/uploads\/2018\/06\/The-Veil-Leila-212x300.jpg 212w, http:\/\/zoyou.fr\/dessin\/wp-content\/uploads\/2018\/06\/The-Veil-Leila-768x1089.jpg 768w\" sizes=\"auto, (max-width: 650px) 100vw, 650px\" \/><\/a><\/p>\n<p><span style=\"text-decoration: underline;\">Le\u00efla<\/span><\/p>\n<p><span style=\"text-decoration: underline;\">Race:<\/span> d\u00e9mon<br \/>\n<span style=\"text-decoration: underline;\">Age:<\/span> 20 ans<br \/>\n<span style=\"text-decoration: underline;\">Magie:<\/span> alchimiste (donc pas de familier); sp\u00e9cialis\u00e9e en potions<br \/>\n<span style=\"text-decoration: underline;\">Pouvoirs:<\/span> pas de pouvoirs particuliers (\u00e0 part une aptitude naturelle pour la magie)<br \/>\n<span style=\"text-decoration: underline;\">M\u00e9tier:<\/span> herboriste<br \/>\n<span style=\"text-decoration: underline;\">Habitation:<\/span> district de la Magie (voisine d&rsquo;Albyan)<br \/>\n<span style=\"text-decoration: underline;\">Alignement:<\/span> Chaotic Good<br \/>\n<span style=\"text-decoration: underline;\">Orientation:<\/span> bisexuelle (techniquement pan, mais elle s&rsquo;identifie comme bi)<br \/>\n<span style=\"text-decoration: underline;\">Autres:<\/span> experte sur les plantes, en transporte toujours avec elle, sens de la mode d\u00e9sastreux, fait des mauvais jeux de mots<\/p>\n<p>Et un deuxi\u00e8me croquis de Le\u00efla, que j&rsquo;avais fait comme recherche de design:<\/p>\n<p><a href=\"http:\/\/zoyou.fr\/dessin\/wp-content\/uploads\/2018\/06\/The-Veil-Leila-char-dev.jpg\"><img loading=\"lazy\" decoding=\"async\" class=\"aligncenter size-large wp-image-2963\" src=\"http:\/\/zoyou.fr\/dessin\/wp-content\/uploads\/2018\/06\/The-Veil-Leila-char-dev-1016x1024.jpg\" alt=\"\" width=\"650\" height=\"655\" srcset=\"http:\/\/zoyou.fr\/dessin\/wp-content\/uploads\/2018\/06\/The-Veil-Leila-char-dev-1016x1024.jpg 1016w, http:\/\/zoyou.fr\/dessin\/wp-content\/uploads\/2018\/06\/The-Veil-Leila-char-dev-150x150.jpg 150w, http:\/\/zoyou.fr\/dessin\/wp-content\/uploads\/2018\/06\/The-Veil-Leila-char-dev-298x300.jpg 298w, http:\/\/zoyou.fr\/dessin\/wp-content\/uploads\/2018\/06\/The-Veil-Leila-char-dev-768x774.jpg 768w\" sizes=\"auto, (max-width: 650px) 100vw, 650px\" \/><\/a><\/p>\n<p>&nbsp;<\/p>\n","protected":false},"excerpt":{"rendered":"\u00ab\u00a0The Veil\u00a0\u00bb est une dimension parall\u00e8le pour les cr\u00e9atures surnaturelles ou mythiques, et quelques humains (mages, alchimistes) qui existe parall\u00e8lement \u00e0 New York City. Il&hellip;","protected":false},"author":2,"featured_media":2962,"comment_status":"open","ping_status":"open","sticky":false,"template":"","format":"standard","meta":{"footnotes":""},"categories":[1,13],"tags":[],"class_list":["post-2958","post","type-post","status-publish","format-standard","has-post-thumbnail","hentry","category-accueil","category-ocs"],"_links":{"self":[{"href":"http:\/\/zoyou.fr\/dessin\/wp-json\/wp\/v2\/posts\/2958","targetHints":{"allow":["GET"]}}],"collection":[{"href":"http:\/\/zoyou.fr\/dessin\/wp-json\/wp\/v2\/posts"}],"about":[{"href":"http:\/\/zoyou.fr\/dessin\/wp-json\/wp\/v2\/types\/post"}],"author":[{"embeddable":true,"href":"http:\/\/zoyou.fr\/dessin\/wp-json\/wp\/v2\/users\/2"}],"replies":[{"embeddable":true,"href":"http:\/\/zoyou.fr\/dessin\/wp-json\/wp\/v2\/comments?post=2958"}],"version-history":[{"count":4,"href":"http:\/\/zoyou.fr\/dessin\/wp-json\/wp\/v2\/posts\/2958\/revisions"}],"predecessor-version":[{"id":2966,"href":"http:\/\/zoyou.fr\/dessin\/wp-json\/wp\/v2\/posts\/2958\/revisions\/2966"}],"wp:featuredmedia":[{"embeddable":true,"href":"http:\/\/zoyou.fr\/dessin\/wp-json\/wp\/v2\/media\/2962"}],"wp:attachment":[{"href":"http:\/\/zoyou.fr\/dessin\/wp-json\/wp\/v2\/media?parent=2958"}],"wp:term":[{"taxonomy":"category","embeddable":true,"href":"http:\/\/zoyou.fr\/dessin\/wp-json\/wp\/v2\/categories?post=2958"},{"taxonomy":"post_tag","embeddable":true,"href":"http:\/\/zoyou.fr\/dessin\/wp-json\/wp\/v2\/tags?post=2958"}],"curies":[{"name":"wp","href":"https:\/\/api.w.org\/{rel}","templated":true}]}}